{"id":3636,"date":"2016-12-05T16:31:08","date_gmt":"2016-12-05T15:31:08","guid":{"rendered":"https:\/\/www.cbmdisseny.com\/espacios-para-jovenes\/"},"modified":"2017-03-30T11:57:40","modified_gmt":"2017-03-30T09:57:40","slug":"espais-per-als-joves-crea-el-dormitori-dels-teus-fills","status":"publish","type":"post","link":"https:\/\/www.cbmdisseny.com\/ca\/espais-per-als-joves-crea-el-dormitori-dels-teus-fills\/","title":{"rendered":"Espais per als joves. Crea el dormitori dels teus fills."},"content":{"rendered":"<p>A l\u00b4hora d\u00b4escollir un <strong>dormitori juvenil<\/strong>, tots pensem en aquella etapa de creixement dels nostres fills tan cambiant en un espai tan breu de temps . Pensem en un dormitori juvenil que li agradi, que s\u00b4adapti a les seves necessitats, que no el cansi amb el pas del temps\u2026 en definitiva, un espai on es senti c\u00f2mode i on pugui viure aquesta etapa de la seva vida.<\/p>\n<p>A <strong>CBMdisseny<\/strong> pensem en totes aquelles inquietuts que et fan dubtar i et donem <em>idees i solucions<\/em> per organitzar el <em>dormitori juvenil<\/em> dels teus fills de la forma m\u00e9s actual, personal i a la vegada funcional i pr\u00e0ctica.<\/p>\n<p>A <strong>CBMdisseny<\/strong> busquem, juntament amb tu, la forma de treure el m\u00e0xim partit a l\u00b4espai disponible i estem segurs que sempre trobarem una soluci\u00f3n amb la que et sentir\u00e0s segur d\u00b4 haver encertat.<\/p>\n<p><em>Creem<\/em> junts un espai on el teu fill pugui jugar, compartir amb els amics, estudiar o llegir, dormir o somniar\u2026.<\/p>\n<p><img loading=\"lazy\" decoding=\"async\" class=\"alignnone size-medium wp-image-3620\" src=\"https:\/\/www.cbmdisseny.com\/wp-content\/uploads\/2016\/10\/juvenil1-300x220.jpg\" alt=\"juvenil1\" width=\"300\" height=\"220\" srcset=\"https:\/\/www.cbmdisseny.com\/wp-content\/uploads\/2016\/10\/juvenil1-300x220.jpg 300w, https:\/\/www.cbmdisseny.com\/wp-content\/uploads\/2016\/10\/juvenil1.jpg 640w\" sizes=\"auto, (max-width: 300px) 100vw, 300px\" \/><\/p>\n<p>A <strong>CBMdisseny<\/strong> tenim o creem tot el que tu necessites; <strong>llits<\/strong> simples, <strong>nius,<\/strong> <strong>compactes<\/strong>, <strong>lliteres<\/strong>,\u2026 tot amb possibilitat de ser <strong>abatible<\/strong> per tal d\u00b4aconseguir espais m\u00e9s recollits i treure el m\u00e0xim rendiment al dormitori. Disposem, a la vegada per <em>completar i decorar <\/em>l\u00b4habitaci\u00f3, d\u00b4<strong>armaris<\/strong>, <strong>raconers<\/strong>, <strong>m\u00f2duls<\/strong> , <strong>estanteries<\/strong>, <strong>bases per sobres de taula<\/strong>\u2026que <em>fem a mida<\/em> adaptant-nos als ambients. Aqu\u00ed trobar\u00e0s m\u00faltiples opcions i possibilitats que t\u00b4oferirem quan ens coneguem.<\/p>\n<p>Inspira\u00b4t !!! Omple el seu <em>espai de llum i de color<\/em> !! Juga amb les tonalitats i les combinacions i crea-li un espai personal, inconfundible, on es sent\u00ed c\u00f2mode amb un estil jove i propi, \u00fanic, com el teu fill.<\/p>\n","protected":false},"excerpt":{"rendered":"<p>A l\u00b4hora d\u00b4escollir un dormitori juvenil, tots pensem en aquella etapa de creixement dels nostres fills tan cambiant en un espai tan breu de temps . Pensem en un dormitori juvenil que li agradi, que s\u00b4adapti a les seves necessitats, que no el cansi amb el pas del temps\u2026 en definitiva, un espai on es [&hellip;]<\/p>\n","protected":false},"author":2,"featured_media":3620,"comment_status":"closed","ping_status":"closed","sticky":false,"template":"","format":"standard","meta":{"footnotes":""},"categories":[46],"tags":[174,168,47,169,175,127,165,54,164,79,156,49,166,167],"class_list":["post-3636","post","type-post","status-publish","format-standard","has-post-thumbnail","hentry","category-noticies","tag-bany","tag-canvis-a-la-llar","tag-cbmdisseny-ca","tag-colors","tag-cuina","tag-decoracio","tag-dormitoris","tag-dormitoris-juvenils","tag-espais-per-joves","tag-estil","tag-nova-web","tag-novaetiqueta","tag-reforma","tag-reforma-integral"],"yoast_head":"<!-- This site is optimized with the Yoast SEO plugin v26.7 - https:\/\/yoast.com\/wordpress\/plugins\/seo\/ -->\n<title>Dormitori juvenil. Espais per als joves. Crea el dormitori dels teus fills. - CBMdisseny. Calella BCN<\/title>\n<meta name=\"description\" content=\"Dormitori juvenil.A CBMdisseny decorem el dormitori dels teus fills adaptant-nos a cada etapa de la seva vida amb dissenys pr\u00e0ctics i vers\u00e1tils.Al seu estil\" \/>\n<meta name=\"robots\" content=\"index, follow, max-snippet:-1, max-image-preview:large, max-video-preview:-1\" \/>\n<link rel=\"canonical\" href=\"https:\/\/www.cbmdisseny.com\/ca\/espais-per-als-joves-crea-el-dormitori-dels-teus-fills\/\" \/>\n<meta property=\"og:locale\" content=\"ca_ES\" \/>\n<meta property=\"og:type\" content=\"article\" \/>\n<meta property=\"og:title\" content=\"Dormitori juvenil. Espais per als joves. Crea el dormitori dels teus fills. - CBMdisseny. Calella BCN\" \/>\n<meta property=\"og:description\" content=\"Dormitori juvenil.A CBMdisseny decorem el dormitori dels teus fills adaptant-nos a cada etapa de la seva vida amb dissenys pr\u00e0ctics i vers\u00e1tils.Al seu estil\" \/>\n<meta property=\"og:url\" content=\"https:\/\/www.cbmdisseny.com\/ca\/espais-per-als-joves-crea-el-dormitori-dels-teus-fills\/\" \/>\n<meta property=\"og:site_name\" content=\"CBMdisseny\" \/>\n<meta property=\"article:publisher\" content=\"https:\/\/www.facebook.com\/CBMdisseny-855595804576481\/\" \/>\n<meta property=\"article:published_time\" content=\"2016-12-05T15:31:08+00:00\" \/>\n<meta property=\"article:modified_time\" content=\"2017-03-30T09:57:40+00:00\" \/>\n<meta property=\"og:image\" content=\"https:\/\/www.cbmdisseny.com\/wp-content\/uploads\/2016\/10\/juvenil1.jpg\" \/>\n\t<meta property=\"og:image:width\" content=\"640\" \/>\n\t<meta property=\"og:image:height\" content=\"470\" \/>\n\t<meta property=\"og:image:type\" content=\"image\/jpeg\" \/>\n<meta name=\"author\" content=\"Josep Masachs\" \/>\n<meta name=\"twitter:card\" content=\"summary_large_image\" \/>\n<meta name=\"twitter:label1\" content=\"Escrit per\" \/>\n\t<meta name=\"twitter:data1\" content=\"Josep Masachs\" \/>\n\t<meta name=\"twitter:label2\" content=\"Temps estimat de lectura\" \/>\n\t<meta name=\"twitter:data2\" content=\"1 minut\" \/>\n<script type=\"application\/ld+json\" class=\"yoast-schema-graph\">{\"@context\":\"https:\/\/schema.org\",\"@graph\":[{\"@type\":\"Article\",\"@id\":\"https:\/\/www.cbmdisseny.com\/ca\/espais-per-als-joves-crea-el-dormitori-dels-teus-fills\/#article\",\"isPartOf\":{\"@id\":\"https:\/\/www.cbmdisseny.com\/ca\/espais-per-als-joves-crea-el-dormitori-dels-teus-fills\/\"},\"author\":{\"name\":\"Josep Masachs\",\"@id\":\"https:\/\/www.cbmdisseny.com\/ca\/#\/schema\/person\/8bf31eb4b7fafce4888c90ebc6394652\"},\"headline\":\"Espais per als joves. Crea el dormitori dels teus fills.\",\"datePublished\":\"2016-12-05T15:31:08+00:00\",\"dateModified\":\"2017-03-30T09:57:40+00:00\",\"mainEntityOfPage\":{\"@id\":\"https:\/\/www.cbmdisseny.com\/ca\/espais-per-als-joves-crea-el-dormitori-dels-teus-fills\/\"},\"wordCount\":296,\"image\":{\"@id\":\"https:\/\/www.cbmdisseny.com\/ca\/espais-per-als-joves-crea-el-dormitori-dels-teus-fills\/#primaryimage\"},\"thumbnailUrl\":\"https:\/\/www.cbmdisseny.com\/wp-content\/uploads\/2016\/10\/juvenil1.jpg\",\"keywords\":[\"bany\",\"canvis a la llar\",\"cbmdisseny\",\"colors\",\"cuina\",\"decoraci\u00f3\",\"dormitoris\",\"dormitoris juvenils\",\"espais per joves\",\"estil\",\"nova web\",\"novaetiqueta\",\"reforma\",\"reforma integral\"],\"articleSection\":[\"Noticies\"],\"inLanguage\":\"ca\"},{\"@type\":\"WebPage\",\"@id\":\"https:\/\/www.cbmdisseny.com\/ca\/espais-per-als-joves-crea-el-dormitori-dels-teus-fills\/\",\"url\":\"https:\/\/www.cbmdisseny.com\/ca\/espais-per-als-joves-crea-el-dormitori-dels-teus-fills\/\",\"name\":\"Dormitori juvenil. Espais per als joves. Crea el dormitori dels teus fills. - CBMdisseny. Calella BCN\",\"isPartOf\":{\"@id\":\"https:\/\/www.cbmdisseny.com\/ca\/#website\"},\"primaryImageOfPage\":{\"@id\":\"https:\/\/www.cbmdisseny.com\/ca\/espais-per-als-joves-crea-el-dormitori-dels-teus-fills\/#primaryimage\"},\"image\":{\"@id\":\"https:\/\/www.cbmdisseny.com\/ca\/espais-per-als-joves-crea-el-dormitori-dels-teus-fills\/#primaryimage\"},\"thumbnailUrl\":\"https:\/\/www.cbmdisseny.com\/wp-content\/uploads\/2016\/10\/juvenil1.jpg\",\"datePublished\":\"2016-12-05T15:31:08+00:00\",\"dateModified\":\"2017-03-30T09:57:40+00:00\",\"author\":{\"@id\":\"https:\/\/www.cbmdisseny.com\/ca\/#\/schema\/person\/8bf31eb4b7fafce4888c90ebc6394652\"},\"description\":\"Dormitori juvenil.A CBMdisseny decorem el dormitori dels teus fills adaptant-nos a cada etapa de la seva vida amb dissenys pr\u00e0ctics i vers\u00e1tils.Al seu estil\",\"breadcrumb\":{\"@id\":\"https:\/\/www.cbmdisseny.com\/ca\/espais-per-als-joves-crea-el-dormitori-dels-teus-fills\/#breadcrumb\"},\"inLanguage\":\"ca\",\"potentialAction\":[{\"@type\":\"ReadAction\",\"target\":[\"https:\/\/www.cbmdisseny.com\/ca\/espais-per-als-joves-crea-el-dormitori-dels-teus-fills\/\"]}]},{\"@type\":\"ImageObject\",\"inLanguage\":\"ca\",\"@id\":\"https:\/\/www.cbmdisseny.com\/ca\/espais-per-als-joves-crea-el-dormitori-dels-teus-fills\/#primaryimage\",\"url\":\"https:\/\/www.cbmdisseny.com\/wp-content\/uploads\/2016\/10\/juvenil1.jpg\",\"contentUrl\":\"https:\/\/www.cbmdisseny.com\/wp-content\/uploads\/2016\/10\/juvenil1.jpg\",\"width\":640,\"height\":470},{\"@type\":\"BreadcrumbList\",\"@id\":\"https:\/\/www.cbmdisseny.com\/ca\/espais-per-als-joves-crea-el-dormitori-dels-teus-fills\/#breadcrumb\",\"itemListElement\":[{\"@type\":\"ListItem\",\"position\":1,\"name\":\"Portada\",\"item\":\"https:\/\/www.cbmdisseny.com\/ca\/\"},{\"@type\":\"ListItem\",\"position\":2,\"name\":\"Espais per als joves. Crea el dormitori dels teus fills.\"}]},{\"@type\":\"WebSite\",\"@id\":\"https:\/\/www.cbmdisseny.com\/ca\/#website\",\"url\":\"https:\/\/www.cbmdisseny.com\/ca\/\",\"name\":\"CBMdisseny\",\"description\":\"Interiorismo para tu hogar y reformas integrales.\",\"potentialAction\":[{\"@type\":\"SearchAction\",\"target\":{\"@type\":\"EntryPoint\",\"urlTemplate\":\"https:\/\/www.cbmdisseny.com\/ca\/?s={search_term_string}\"},\"query-input\":{\"@type\":\"PropertyValueSpecification\",\"valueRequired\":true,\"valueName\":\"search_term_string\"}}],\"inLanguage\":\"ca\"},{\"@type\":\"Person\",\"@id\":\"https:\/\/www.cbmdisseny.com\/ca\/#\/schema\/person\/8bf31eb4b7fafce4888c90ebc6394652\",\"name\":\"Josep Masachs\",\"image\":{\"@type\":\"ImageObject\",\"inLanguage\":\"ca\",\"@id\":\"https:\/\/www.cbmdisseny.com\/ca\/#\/schema\/person\/image\/\",\"url\":\"https:\/\/secure.gravatar.com\/avatar\/bec9c7cb893d97af7361e0648f74b33a536c9fab370f947fd53919fc6253c782?s=96&d=mm&r=g\",\"contentUrl\":\"https:\/\/secure.gravatar.com\/avatar\/bec9c7cb893d97af7361e0648f74b33a536c9fab370f947fd53919fc6253c782?s=96&d=mm&r=g\",\"caption\":\"Josep Masachs\"},\"sameAs\":[\"https:\/\/www.cbmdisseny.com\"]}]}<\/script>\n<!-- \/ Yoast SEO plugin. -->","yoast_head_json":{"title":"Dormitori juvenil. Espais per als joves. Crea el dormitori dels teus fills. - CBMdisseny. Calella BCN","description":"Dormitori juvenil.A CBMdisseny decorem el dormitori dels teus fills adaptant-nos a cada etapa de la seva vida amb dissenys pr\u00e0ctics i vers\u00e1tils.Al seu estil","robots":{"index":"index","follow":"follow","max-snippet":"max-snippet:-1","max-image-preview":"max-image-preview:large","max-video-preview":"max-video-preview:-1"},"canonical":"https:\/\/www.cbmdisseny.com\/ca\/espais-per-als-joves-crea-el-dormitori-dels-teus-fills\/","og_locale":"ca_ES","og_type":"article","og_title":"Dormitori juvenil. Espais per als joves. Crea el dormitori dels teus fills. - CBMdisseny. Calella BCN","og_description":"Dormitori juvenil.A CBMdisseny decorem el dormitori dels teus fills adaptant-nos a cada etapa de la seva vida amb dissenys pr\u00e0ctics i vers\u00e1tils.Al seu estil","og_url":"https:\/\/www.cbmdisseny.com\/ca\/espais-per-als-joves-crea-el-dormitori-dels-teus-fills\/","og_site_name":"CBMdisseny","article_publisher":"https:\/\/www.facebook.com\/CBMdisseny-855595804576481\/","article_published_time":"2016-12-05T15:31:08+00:00","article_modified_time":"2017-03-30T09:57:40+00:00","og_image":[{"width":640,"height":470,"url":"https:\/\/www.cbmdisseny.com\/wp-content\/uploads\/2016\/10\/juvenil1.jpg","type":"image\/jpeg"}],"author":"Josep Masachs","twitter_card":"summary_large_image","twitter_misc":{"Escrit per":"Josep Masachs","Temps estimat de lectura":"1 minut"},"schema":{"@context":"https:\/\/schema.org","@graph":[{"@type":"Article","@id":"https:\/\/www.cbmdisseny.com\/ca\/espais-per-als-joves-crea-el-dormitori-dels-teus-fills\/#article","isPartOf":{"@id":"https:\/\/www.cbmdisseny.com\/ca\/espais-per-als-joves-crea-el-dormitori-dels-teus-fills\/"},"author":{"name":"Josep Masachs","@id":"https:\/\/www.cbmdisseny.com\/ca\/#\/schema\/person\/8bf31eb4b7fafce4888c90ebc6394652"},"headline":"Espais per als joves. Crea el dormitori dels teus fills.","datePublished":"2016-12-05T15:31:08+00:00","dateModified":"2017-03-30T09:57:40+00:00","mainEntityOfPage":{"@id":"https:\/\/www.cbmdisseny.com\/ca\/espais-per-als-joves-crea-el-dormitori-dels-teus-fills\/"},"wordCount":296,"image":{"@id":"https:\/\/www.cbmdisseny.com\/ca\/espais-per-als-joves-crea-el-dormitori-dels-teus-fills\/#primaryimage"},"thumbnailUrl":"https:\/\/www.cbmdisseny.com\/wp-content\/uploads\/2016\/10\/juvenil1.jpg","keywords":["bany","canvis a la llar","cbmdisseny","colors","cuina","decoraci\u00f3","dormitoris","dormitoris juvenils","espais per joves","estil","nova web","novaetiqueta","reforma","reforma integral"],"articleSection":["Noticies"],"inLanguage":"ca"},{"@type":"WebPage","@id":"https:\/\/www.cbmdisseny.com\/ca\/espais-per-als-joves-crea-el-dormitori-dels-teus-fills\/","url":"https:\/\/www.cbmdisseny.com\/ca\/espais-per-als-joves-crea-el-dormitori-dels-teus-fills\/","name":"Dormitori juvenil. Espais per als joves. Crea el dormitori dels teus fills. - CBMdisseny. Calella BCN","isPartOf":{"@id":"https:\/\/www.cbmdisseny.com\/ca\/#website"},"primaryImageOfPage":{"@id":"https:\/\/www.cbmdisseny.com\/ca\/espais-per-als-joves-crea-el-dormitori-dels-teus-fills\/#primaryimage"},"image":{"@id":"https:\/\/www.cbmdisseny.com\/ca\/espais-per-als-joves-crea-el-dormitori-dels-teus-fills\/#primaryimage"},"thumbnailUrl":"https:\/\/www.cbmdisseny.com\/wp-content\/uploads\/2016\/10\/juvenil1.jpg","datePublished":"2016-12-05T15:31:08+00:00","dateModified":"2017-03-30T09:57:40+00:00","author":{"@id":"https:\/\/www.cbmdisseny.com\/ca\/#\/schema\/person\/8bf31eb4b7fafce4888c90ebc6394652"},"description":"Dormitori juvenil.A CBMdisseny decorem el dormitori dels teus fills adaptant-nos a cada etapa de la seva vida amb dissenys pr\u00e0ctics i vers\u00e1tils.Al seu estil","breadcrumb":{"@id":"https:\/\/www.cbmdisseny.com\/ca\/espais-per-als-joves-crea-el-dormitori-dels-teus-fills\/#breadcrumb"},"inLanguage":"ca","potentialAction":[{"@type":"ReadAction","target":["https:\/\/www.cbmdisseny.com\/ca\/espais-per-als-joves-crea-el-dormitori-dels-teus-fills\/"]}]},{"@type":"ImageObject","inLanguage":"ca","@id":"https:\/\/www.cbmdisseny.com\/ca\/espais-per-als-joves-crea-el-dormitori-dels-teus-fills\/#primaryimage","url":"https:\/\/www.cbmdisseny.com\/wp-content\/uploads\/2016\/10\/juvenil1.jpg","contentUrl":"https:\/\/www.cbmdisseny.com\/wp-content\/uploads\/2016\/10\/juvenil1.jpg","width":640,"height":470},{"@type":"BreadcrumbList","@id":"https:\/\/www.cbmdisseny.com\/ca\/espais-per-als-joves-crea-el-dormitori-dels-teus-fills\/#breadcrumb","itemListElement":[{"@type":"ListItem","position":1,"name":"Portada","item":"https:\/\/www.cbmdisseny.com\/ca\/"},{"@type":"ListItem","position":2,"name":"Espais per als joves. Crea el dormitori dels teus fills."}]},{"@type":"WebSite","@id":"https:\/\/www.cbmdisseny.com\/ca\/#website","url":"https:\/\/www.cbmdisseny.com\/ca\/","name":"CBMdisseny","description":"Interiorismo para tu hogar y reformas integrales.","potentialAction":[{"@type":"SearchAction","target":{"@type":"EntryPoint","urlTemplate":"https:\/\/www.cbmdisseny.com\/ca\/?s={search_term_string}"},"query-input":{"@type":"PropertyValueSpecification","valueRequired":true,"valueName":"search_term_string"}}],"inLanguage":"ca"},{"@type":"Person","@id":"https:\/\/www.cbmdisseny.com\/ca\/#\/schema\/person\/8bf31eb4b7fafce4888c90ebc6394652","name":"Josep Masachs","image":{"@type":"ImageObject","inLanguage":"ca","@id":"https:\/\/www.cbmdisseny.com\/ca\/#\/schema\/person\/image\/","url":"https:\/\/secure.gravatar.com\/avatar\/bec9c7cb893d97af7361e0648f74b33a536c9fab370f947fd53919fc6253c782?s=96&d=mm&r=g","contentUrl":"https:\/\/secure.gravatar.com\/avatar\/bec9c7cb893d97af7361e0648f74b33a536c9fab370f947fd53919fc6253c782?s=96&d=mm&r=g","caption":"Josep Masachs"},"sameAs":["https:\/\/www.cbmdisseny.com"]}]}},"_links":{"self":[{"href":"https:\/\/www.cbmdisseny.com\/ca\/wp-json\/wp\/v2\/posts\/3636","targetHints":{"allow":["GET"]}}],"collection":[{"href":"https:\/\/www.cbmdisseny.com\/ca\/wp-json\/wp\/v2\/posts"}],"about":[{"href":"https:\/\/www.cbmdisseny.com\/ca\/wp-json\/wp\/v2\/types\/post"}],"author":[{"embeddable":true,"href":"https:\/\/www.cbmdisseny.com\/ca\/wp-json\/wp\/v2\/users\/2"}],"replies":[{"embeddable":true,"href":"https:\/\/www.cbmdisseny.com\/ca\/wp-json\/wp\/v2\/comments?post=3636"}],"version-history":[{"count":0,"href":"https:\/\/www.cbmdisseny.com\/ca\/wp-json\/wp\/v2\/posts\/3636\/revisions"}],"wp:featuredmedia":[{"embeddable":true,"href":"https:\/\/www.cbmdisseny.com\/ca\/wp-json\/wp\/v2\/media\/3620"}],"wp:attachment":[{"href":"https:\/\/www.cbmdisseny.com\/ca\/wp-json\/wp\/v2\/media?parent=3636"}],"wp:term":[{"taxonomy":"category","embeddable":true,"href":"https:\/\/www.cbmdisseny.com\/ca\/wp-json\/wp\/v2\/categories?post=3636"},{"taxonomy":"post_tag","embeddable":true,"href":"https:\/\/www.cbmdisseny.com\/ca\/wp-json\/wp\/v2\/tags?post=3636"}],"curies":[{"name":"wp","href":"https:\/\/api.w.org\/{rel}","templated":true}]}}