{"id":3691,"date":"2017-01-11T12:01:34","date_gmt":"2017-01-11T11:01:34","guid":{"rendered":"https:\/\/www.cbmdisseny.com\/?p=3691\/"},"modified":"2017-03-23T12:42:04","modified_gmt":"2017-03-23T11:42:04","slug":"nou-any-nous-colors","status":"publish","type":"post","link":"https:\/\/www.cbmdisseny.com\/ca\/nou-any-nous-colors\/","title":{"rendered":"Nou any, nous colors"},"content":{"rendered":"<p>Despr\u00e9s d\u00b4aquestes festes, de les reunions familiars, dels balan\u00e7os\u00a0i records de l\u00b4 any que deixem comencem un nou per\u00edodo amb nous prop\u00f2sits i noves idees.<\/p>\n<p>A\u00a0<strong>CBMdisseny<\/strong> \u00a0creiem que un bon comen\u00e7ament per una nova etapa comen\u00e7a per cambiar els colors que ens envolten.<\/p>\n<p>Comencem de nou, inspirem-nos i donem-li unes voltes al gran ventall de possibilitats que tenim per\u00a0\u00a0<em>redecorar<\/em> el nostre entorn, les parets i murs que envolten la nostra llar.<\/p>\n<p>En acabats per les parets a\u00a0<strong>CBMdisseny<\/strong> t\u00b4assessorem i et proporcionem idees per aquest canvi que\u00a0desitges, ja que som conscients que a vegades s\u00b4et fa dif\u00edcil decidir per on comen\u00e7ar.<\/p>\n<p>Aqu\u00ed trobar\u00e0s des dels\u00a0\u00a0<strong><em>materials<\/em><\/strong><em> d\u00b4 imitaci\u00f3<\/em> com la <em>pedra<\/em>, <em>mao<\/em>, <em>pissarra<\/em>, etc \u2026 fins als m\u00e9s <em>moderns vinils<\/em> <em>decoratius<\/em> de tot tipus i colors, tant per zones comuns com per dormitoris per totes les edats.<\/p>\n<p>Podem\u00a0 oferir-te tamb\u00e9, si vols canviar les <em>textures de les parets <\/em>, una gama molt\u00a0variada de <strong><em>papers vin\u00edlics<\/em><\/strong> per tots\u00a0els gustos, des dels <em>cl\u00e0ssics<\/em> fins els m\u00e9s <em>vanguardistes i actuals dissenys<\/em>.<\/p>\n<p>A\u00a0<strong>CBMdisseny <\/strong>tamb\u00e9 trobar\u00e0s els tocs i acabats per les parets\u00a0m\u00e9s actuals en <strong><em>pintura<\/em><\/strong>, aix\u00ed com <em>envellits, oxidats, imitacions a ferros\u00a0i fustes, decapats, dibuixos personalitzats<\/em>\u2026sempre de la ma dels nostres professionals i\u00a0col.laboradors.<\/p>\n<p><img loading=\"lazy\" decoding=\"async\" class=\" wp-image-3686 aligncenter\" src=\"https:\/\/www.cbmdisseny.com\/wp-content\/uploads\/2017\/01\/microcemento-132x300.jpg\" alt=\"microcemento\" width=\"215\" height=\"489\" srcset=\"https:\/\/www.cbmdisseny.com\/wp-content\/uploads\/2017\/01\/microcemento-132x300.jpg 132w, https:\/\/www.cbmdisseny.com\/wp-content\/uploads\/2017\/01\/microcemento.jpg 300w\" sizes=\"auto, (max-width: 215px) 100vw, 215px\" \/><\/p>\n<p>I\u00a0si t&#8217;atreveixes, vesteix les teves parets amb\u00a0 <strong><em>microciment <\/em><\/strong>allisat per revestiment tant de parets com de terres. Tria el teu color !! Una soluci\u00f3 f\u00e0cil, moderna , duradera\u00a0i diferent. Disponible en una infinitat d\u00b4acabats,\u00a0des dels m\u00e9s r\u00fastics fins els m\u00e9s\u00a0innovadors.<\/p>\n<p>A\u00a0<strong>CBMdisseny<\/strong> disposem de tot tipus de <em>mostres\u00a0i acabats per parets<\/em>\u00a0per ajudar-te a definir l\u00b4estil que et va, que es porta i que et caracteritza. Aqu\u00ed trobarem junts com combinar els teus colors i com donar-li m\u00e9s vida a la teva llar.<\/p>\n<p>No esperis un altre any. Aquest \u00e9s el teu moment. Marca el teu estil i el de la teva llar. Vesteix-lo al teu aire i disfruta\u00b4l.\u00a0 Aquest ser\u00e0 un gran comen\u00e7ament!!<\/p>\n","protected":false},"excerpt":{"rendered":"<p>Despr\u00e9s d\u00b4aquestes festes, de les reunions familiars, dels balan\u00e7os\u00a0i records de l\u00b4 any que deixem comencem un nou per\u00edodo amb nous prop\u00f2sits i noves idees. A\u00a0CBMdisseny \u00a0creiem que un bon comen\u00e7ament per una nova etapa comen\u00e7a per cambiar els colors que ens envolten. Comencem de nou, inspirem-nos i donem-li unes voltes al gran ventall de [&hellip;]<\/p>\n","protected":false},"author":2,"featured_media":3689,"comment_status":"closed","ping_status":"open","sticky":false,"template":"","format":"standard","meta":{"footnotes":""},"categories":[46],"tags":[47,150,100,127,151,75,78,79,153,152,130,154,131],"class_list":["post-3691","post","type-post","status-publish","format-standard","has-post-thumbnail","hentry","category-noticies","tag-cbmdisseny-ca","tag-ciment","tag-color-ca","tag-decoracio","tag-dibuixos-personalitzats","tag-disseny","tag-espais-interiors","tag-estil","tag-fusta","tag-imitacio-pedra","tag-microciment","tag-paper","tag-reformes"],"yoast_head":"<!-- This site is optimized with the Yoast SEO plugin v26.7 - https:\/\/yoast.com\/wordpress\/plugins\/seo\/ -->\n<title>nou any, nous colors - CBMdisseny<\/title>\n<meta name=\"description\" content=\"A CBMdisseny trobar\u00e0s tot tipus d\u00b4acabats per parets; imitaci\u00f3 pedres, ma\u00f3, colors,paper, microciment...\" \/>\n<meta name=\"robots\" content=\"index, follow, max-snippet:-1, max-image-preview:large, max-video-preview:-1\" \/>\n<link rel=\"canonical\" href=\"https:\/\/www.cbmdisseny.com\/ca\/nou-any-nous-colors\/\" \/>\n<meta property=\"og:locale\" content=\"ca_ES\" \/>\n<meta property=\"og:type\" content=\"article\" \/>\n<meta property=\"og:title\" content=\"nou any, nous colors - CBMdisseny\" \/>\n<meta property=\"og:description\" content=\"A CBMdisseny trobar\u00e0s tot tipus d\u00b4acabats per parets; imitaci\u00f3 pedres, ma\u00f3, colors,paper, microciment...\" \/>\n<meta property=\"og:url\" content=\"https:\/\/www.cbmdisseny.com\/ca\/nou-any-nous-colors\/\" \/>\n<meta property=\"og:site_name\" content=\"CBMdisseny\" \/>\n<meta property=\"article:publisher\" content=\"https:\/\/www.facebook.com\/CBMdisseny-855595804576481\/\" \/>\n<meta property=\"article:published_time\" content=\"2017-01-11T11:01:34+00:00\" \/>\n<meta property=\"article:modified_time\" content=\"2017-03-23T11:42:04+00:00\" \/>\n<meta property=\"og:image\" content=\"https:\/\/www.cbmdisseny.com\/wp-content\/uploads\/2017\/01\/paredes.jpg\" \/>\n\t<meta property=\"og:image:width\" content=\"1080\" \/>\n\t<meta property=\"og:image:height\" content=\"1080\" \/>\n\t<meta property=\"og:image:type\" content=\"image\/jpeg\" \/>\n<meta name=\"author\" content=\"Josep Masachs\" \/>\n<meta name=\"twitter:card\" content=\"summary_large_image\" \/>\n<meta name=\"twitter:label1\" content=\"Escrit per\" \/>\n\t<meta name=\"twitter:data1\" content=\"Josep Masachs\" \/>\n\t<meta name=\"twitter:label2\" content=\"Temps estimat de lectura\" \/>\n\t<meta name=\"twitter:data2\" content=\"2 minuts\" \/>\n<script type=\"application\/ld+json\" class=\"yoast-schema-graph\">{\"@context\":\"https:\/\/schema.org\",\"@graph\":[{\"@type\":\"Article\",\"@id\":\"https:\/\/www.cbmdisseny.com\/ca\/nou-any-nous-colors\/#article\",\"isPartOf\":{\"@id\":\"https:\/\/www.cbmdisseny.com\/ca\/nou-any-nous-colors\/\"},\"author\":{\"name\":\"Josep Masachs\",\"@id\":\"https:\/\/www.cbmdisseny.com\/ca\/#\/schema\/person\/8bf31eb4b7fafce4888c90ebc6394652\"},\"headline\":\"Nou any, nous colors\",\"datePublished\":\"2017-01-11T11:01:34+00:00\",\"dateModified\":\"2017-03-23T11:42:04+00:00\",\"mainEntityOfPage\":{\"@id\":\"https:\/\/www.cbmdisseny.com\/ca\/nou-any-nous-colors\/\"},\"wordCount\":358,\"image\":{\"@id\":\"https:\/\/www.cbmdisseny.com\/ca\/nou-any-nous-colors\/#primaryimage\"},\"thumbnailUrl\":\"https:\/\/www.cbmdisseny.com\/wp-content\/uploads\/2017\/01\/paredes.jpg\",\"keywords\":[\"cbmdisseny\",\"ciment\",\"color\",\"decoraci\u00f3\",\"dibuixos personalitzats\",\"disseny\",\"espais interiors\",\"estil\",\"fusta\",\"imitaci\u00f3 pedra\",\"microciment\",\"paper\",\"reformes\"],\"articleSection\":[\"Noticies\"],\"inLanguage\":\"ca\"},{\"@type\":\"WebPage\",\"@id\":\"https:\/\/www.cbmdisseny.com\/ca\/nou-any-nous-colors\/\",\"url\":\"https:\/\/www.cbmdisseny.com\/ca\/nou-any-nous-colors\/\",\"name\":\"nou any, nous colors - CBMdisseny\",\"isPartOf\":{\"@id\":\"https:\/\/www.cbmdisseny.com\/ca\/#website\"},\"primaryImageOfPage\":{\"@id\":\"https:\/\/www.cbmdisseny.com\/ca\/nou-any-nous-colors\/#primaryimage\"},\"image\":{\"@id\":\"https:\/\/www.cbmdisseny.com\/ca\/nou-any-nous-colors\/#primaryimage\"},\"thumbnailUrl\":\"https:\/\/www.cbmdisseny.com\/wp-content\/uploads\/2017\/01\/paredes.jpg\",\"datePublished\":\"2017-01-11T11:01:34+00:00\",\"dateModified\":\"2017-03-23T11:42:04+00:00\",\"author\":{\"@id\":\"https:\/\/www.cbmdisseny.com\/ca\/#\/schema\/person\/8bf31eb4b7fafce4888c90ebc6394652\"},\"description\":\"A CBMdisseny trobar\u00e0s tot tipus d\u00b4acabats per parets; imitaci\u00f3 pedres, ma\u00f3, colors,paper, microciment...\",\"breadcrumb\":{\"@id\":\"https:\/\/www.cbmdisseny.com\/ca\/nou-any-nous-colors\/#breadcrumb\"},\"inLanguage\":\"ca\",\"potentialAction\":[{\"@type\":\"ReadAction\",\"target\":[\"https:\/\/www.cbmdisseny.com\/ca\/nou-any-nous-colors\/\"]}]},{\"@type\":\"ImageObject\",\"inLanguage\":\"ca\",\"@id\":\"https:\/\/www.cbmdisseny.com\/ca\/nou-any-nous-colors\/#primaryimage\",\"url\":\"https:\/\/www.cbmdisseny.com\/wp-content\/uploads\/2017\/01\/paredes.jpg\",\"contentUrl\":\"https:\/\/www.cbmdisseny.com\/wp-content\/uploads\/2017\/01\/paredes.jpg\",\"width\":1080,\"height\":1080},{\"@type\":\"BreadcrumbList\",\"@id\":\"https:\/\/www.cbmdisseny.com\/ca\/nou-any-nous-colors\/#breadcrumb\",\"itemListElement\":[{\"@type\":\"ListItem\",\"position\":1,\"name\":\"Portada\",\"item\":\"https:\/\/www.cbmdisseny.com\/ca\/\"},{\"@type\":\"ListItem\",\"position\":2,\"name\":\"Nou any, nous colors\"}]},{\"@type\":\"WebSite\",\"@id\":\"https:\/\/www.cbmdisseny.com\/ca\/#website\",\"url\":\"https:\/\/www.cbmdisseny.com\/ca\/\",\"name\":\"CBMdisseny\",\"description\":\"Interiorismo para tu hogar y reformas integrales.\",\"potentialAction\":[{\"@type\":\"SearchAction\",\"target\":{\"@type\":\"EntryPoint\",\"urlTemplate\":\"https:\/\/www.cbmdisseny.com\/ca\/?s={search_term_string}\"},\"query-input\":{\"@type\":\"PropertyValueSpecification\",\"valueRequired\":true,\"valueName\":\"search_term_string\"}}],\"inLanguage\":\"ca\"},{\"@type\":\"Person\",\"@id\":\"https:\/\/www.cbmdisseny.com\/ca\/#\/schema\/person\/8bf31eb4b7fafce4888c90ebc6394652\",\"name\":\"Josep Masachs\",\"image\":{\"@type\":\"ImageObject\",\"inLanguage\":\"ca\",\"@id\":\"https:\/\/www.cbmdisseny.com\/ca\/#\/schema\/person\/image\/\",\"url\":\"https:\/\/secure.gravatar.com\/avatar\/bec9c7cb893d97af7361e0648f74b33a536c9fab370f947fd53919fc6253c782?s=96&d=mm&r=g\",\"contentUrl\":\"https:\/\/secure.gravatar.com\/avatar\/bec9c7cb893d97af7361e0648f74b33a536c9fab370f947fd53919fc6253c782?s=96&d=mm&r=g\",\"caption\":\"Josep Masachs\"},\"sameAs\":[\"https:\/\/www.cbmdisseny.com\"]}]}<\/script>\n<!-- \/ Yoast SEO plugin. -->","yoast_head_json":{"title":"nou any, nous colors - CBMdisseny","description":"A CBMdisseny trobar\u00e0s tot tipus d\u00b4acabats per parets; imitaci\u00f3 pedres, ma\u00f3, colors,paper, microciment...","robots":{"index":"index","follow":"follow","max-snippet":"max-snippet:-1","max-image-preview":"max-image-preview:large","max-video-preview":"max-video-preview:-1"},"canonical":"https:\/\/www.cbmdisseny.com\/ca\/nou-any-nous-colors\/","og_locale":"ca_ES","og_type":"article","og_title":"nou any, nous colors - CBMdisseny","og_description":"A CBMdisseny trobar\u00e0s tot tipus d\u00b4acabats per parets; imitaci\u00f3 pedres, ma\u00f3, colors,paper, microciment...","og_url":"https:\/\/www.cbmdisseny.com\/ca\/nou-any-nous-colors\/","og_site_name":"CBMdisseny","article_publisher":"https:\/\/www.facebook.com\/CBMdisseny-855595804576481\/","article_published_time":"2017-01-11T11:01:34+00:00","article_modified_time":"2017-03-23T11:42:04+00:00","og_image":[{"width":1080,"height":1080,"url":"https:\/\/www.cbmdisseny.com\/wp-content\/uploads\/2017\/01\/paredes.jpg","type":"image\/jpeg"}],"author":"Josep Masachs","twitter_card":"summary_large_image","twitter_misc":{"Escrit per":"Josep Masachs","Temps estimat de lectura":"2 minuts"},"schema":{"@context":"https:\/\/schema.org","@graph":[{"@type":"Article","@id":"https:\/\/www.cbmdisseny.com\/ca\/nou-any-nous-colors\/#article","isPartOf":{"@id":"https:\/\/www.cbmdisseny.com\/ca\/nou-any-nous-colors\/"},"author":{"name":"Josep Masachs","@id":"https:\/\/www.cbmdisseny.com\/ca\/#\/schema\/person\/8bf31eb4b7fafce4888c90ebc6394652"},"headline":"Nou any, nous colors","datePublished":"2017-01-11T11:01:34+00:00","dateModified":"2017-03-23T11:42:04+00:00","mainEntityOfPage":{"@id":"https:\/\/www.cbmdisseny.com\/ca\/nou-any-nous-colors\/"},"wordCount":358,"image":{"@id":"https:\/\/www.cbmdisseny.com\/ca\/nou-any-nous-colors\/#primaryimage"},"thumbnailUrl":"https:\/\/www.cbmdisseny.com\/wp-content\/uploads\/2017\/01\/paredes.jpg","keywords":["cbmdisseny","ciment","color","decoraci\u00f3","dibuixos personalitzats","disseny","espais interiors","estil","fusta","imitaci\u00f3 pedra","microciment","paper","reformes"],"articleSection":["Noticies"],"inLanguage":"ca"},{"@type":"WebPage","@id":"https:\/\/www.cbmdisseny.com\/ca\/nou-any-nous-colors\/","url":"https:\/\/www.cbmdisseny.com\/ca\/nou-any-nous-colors\/","name":"nou any, nous colors - CBMdisseny","isPartOf":{"@id":"https:\/\/www.cbmdisseny.com\/ca\/#website"},"primaryImageOfPage":{"@id":"https:\/\/www.cbmdisseny.com\/ca\/nou-any-nous-colors\/#primaryimage"},"image":{"@id":"https:\/\/www.cbmdisseny.com\/ca\/nou-any-nous-colors\/#primaryimage"},"thumbnailUrl":"https:\/\/www.cbmdisseny.com\/wp-content\/uploads\/2017\/01\/paredes.jpg","datePublished":"2017-01-11T11:01:34+00:00","dateModified":"2017-03-23T11:42:04+00:00","author":{"@id":"https:\/\/www.cbmdisseny.com\/ca\/#\/schema\/person\/8bf31eb4b7fafce4888c90ebc6394652"},"description":"A CBMdisseny trobar\u00e0s tot tipus d\u00b4acabats per parets; imitaci\u00f3 pedres, ma\u00f3, colors,paper, microciment...","breadcrumb":{"@id":"https:\/\/www.cbmdisseny.com\/ca\/nou-any-nous-colors\/#breadcrumb"},"inLanguage":"ca","potentialAction":[{"@type":"ReadAction","target":["https:\/\/www.cbmdisseny.com\/ca\/nou-any-nous-colors\/"]}]},{"@type":"ImageObject","inLanguage":"ca","@id":"https:\/\/www.cbmdisseny.com\/ca\/nou-any-nous-colors\/#primaryimage","url":"https:\/\/www.cbmdisseny.com\/wp-content\/uploads\/2017\/01\/paredes.jpg","contentUrl":"https:\/\/www.cbmdisseny.com\/wp-content\/uploads\/2017\/01\/paredes.jpg","width":1080,"height":1080},{"@type":"BreadcrumbList","@id":"https:\/\/www.cbmdisseny.com\/ca\/nou-any-nous-colors\/#breadcrumb","itemListElement":[{"@type":"ListItem","position":1,"name":"Portada","item":"https:\/\/www.cbmdisseny.com\/ca\/"},{"@type":"ListItem","position":2,"name":"Nou any, nous colors"}]},{"@type":"WebSite","@id":"https:\/\/www.cbmdisseny.com\/ca\/#website","url":"https:\/\/www.cbmdisseny.com\/ca\/","name":"CBMdisseny","description":"Interiorismo para tu hogar y reformas integrales.","potentialAction":[{"@type":"SearchAction","target":{"@type":"EntryPoint","urlTemplate":"https:\/\/www.cbmdisseny.com\/ca\/?s={search_term_string}"},"query-input":{"@type":"PropertyValueSpecification","valueRequired":true,"valueName":"search_term_string"}}],"inLanguage":"ca"},{"@type":"Person","@id":"https:\/\/www.cbmdisseny.com\/ca\/#\/schema\/person\/8bf31eb4b7fafce4888c90ebc6394652","name":"Josep Masachs","image":{"@type":"ImageObject","inLanguage":"ca","@id":"https:\/\/www.cbmdisseny.com\/ca\/#\/schema\/person\/image\/","url":"https:\/\/secure.gravatar.com\/avatar\/bec9c7cb893d97af7361e0648f74b33a536c9fab370f947fd53919fc6253c782?s=96&d=mm&r=g","contentUrl":"https:\/\/secure.gravatar.com\/avatar\/bec9c7cb893d97af7361e0648f74b33a536c9fab370f947fd53919fc6253c782?s=96&d=mm&r=g","caption":"Josep Masachs"},"sameAs":["https:\/\/www.cbmdisseny.com"]}]}},"_links":{"self":[{"href":"https:\/\/www.cbmdisseny.com\/ca\/wp-json\/wp\/v2\/posts\/3691","targetHints":{"allow":["GET"]}}],"collection":[{"href":"https:\/\/www.cbmdisseny.com\/ca\/wp-json\/wp\/v2\/posts"}],"about":[{"href":"https:\/\/www.cbmdisseny.com\/ca\/wp-json\/wp\/v2\/types\/post"}],"author":[{"embeddable":true,"href":"https:\/\/www.cbmdisseny.com\/ca\/wp-json\/wp\/v2\/users\/2"}],"replies":[{"embeddable":true,"href":"https:\/\/www.cbmdisseny.com\/ca\/wp-json\/wp\/v2\/comments?post=3691"}],"version-history":[{"count":0,"href":"https:\/\/www.cbmdisseny.com\/ca\/wp-json\/wp\/v2\/posts\/3691\/revisions"}],"wp:featuredmedia":[{"embeddable":true,"href":"https:\/\/www.cbmdisseny.com\/ca\/wp-json\/wp\/v2\/media\/3689"}],"wp:attachment":[{"href":"https:\/\/www.cbmdisseny.com\/ca\/wp-json\/wp\/v2\/media?parent=3691"}],"wp:term":[{"taxonomy":"category","embeddable":true,"href":"https:\/\/www.cbmdisseny.com\/ca\/wp-json\/wp\/v2\/categories?post=3691"},{"taxonomy":"post_tag","embeddable":true,"href":"https:\/\/www.cbmdisseny.com\/ca\/wp-json\/wp\/v2\/tags?post=3691"}],"curies":[{"name":"wp","href":"https:\/\/api.w.org\/{rel}","templated":true}]}}